{"id":1429,"date":"2016-11-28T10:45:50","date_gmt":"2016-11-28T09:45:50","guid":{"rendered":"http:\/\/www.commaserver.com\/obzorje\/?p=1429"},"modified":"2026-08-30T15:53:39","modified_gmt":"2026-08-30T13:53:39","slug":"vabilo-na-3-podjetniski-dan","status":"publish","type":"post","link":"https:\/\/www.obzorje.si\/de\/2016\/11\/28\/vabilo-na-3-podjetniski-dan\/","title":{"rendered":"Vabilo na 3. podjetni\u0161ki dan"},"content":{"rendered":"<p>[vc_row][vc_column][vc_column_text]OBZORJE d.o.o. v sodelovanju z Razvojno informacijskim centrom Slovenska Bistrica in Obmo\u010dno obrtno podjetni\u0161ko zbornico Slovenska Bistrica vabi na brezpla\u010dni dogodek 5.decembra 2016 ob 11.uri. Podrobnosti o dogodku si lahko ogledate v prilo\u017eeni pdf datoteki.[\/vc_column_text][vc_column_text]<a href=\"https:\/\/www.obzorje.si\/wp-content\/uploads\/2017\/06\/3-PODJETNISKI-DAN.pdf\" target=\"_blank\" rel=\"noopener noreferrer\"><img loading=\"lazy\" decoding=\"async\" class=\"alignnone size-full wp-image-1426\" src=\"https:\/\/www.obzorje.si\/wp-content\/uploads\/2015\/12\/pdf-ikona64.png\" alt=\"\" width=\"64\" height=\"64\" srcset=\"https:\/\/www.obzorje.si\/wp-content\/uploads\/2015\/12\/pdf-ikona64.png 64w, https:\/\/www.obzorje.si\/wp-content\/uploads\/2015\/12\/pdf-ikona64-50x50.png 50w\" sizes=\"auto, (max-width: 64px) 100vw, 64px\" \/><\/a>[\/vc_column_text][\/vc_column][\/vc_row]<\/p>\n","protected":false},"excerpt":{"rendered":"<p>[vc_row][vc_column][vc_column_text]OBZORJE d.o.o. v sodelovanju z Razvojno informacijskim centrom Slovenska Bistrica in Obmo\u010dno obrtno podjetni\u0161ko zbornico Slovenska Bistrica vabi na brezpla\u010dni dogodek 5.decembra 2016 ob 11.uri. Podrobnosti o dogodku si lahko ogledate v prilo\u017eeni pdf datoteki.[\/vc_column_text][vc_column_text][\/vc_column_text][\/vc_column][\/vc_row]<\/p>\n","protected":false},"author":1,"featured_media":0,"comment_status":"closed","ping_status":"open","sticky":false,"template":"","format":"standard","meta":{"footnotes":""},"categories":[1],"tags":[],"class_list":["post-1429","post","type-post","status-publish","format-standard","hentry","category-nekategorizirano"],"_links":{"self":[{"href":"https:\/\/www.obzorje.si\/de\/wp-json\/wp\/v2\/posts\/1429","targetHints":{"allow":["GET"]}}],"collection":[{"href":"https:\/\/www.obzorje.si\/de\/wp-json\/wp\/v2\/posts"}],"about":[{"href":"https:\/\/www.obzorje.si\/de\/wp-json\/wp\/v2\/types\/post"}],"author":[{"embeddable":true,"href":"https:\/\/www.obzorje.si\/de\/wp-json\/wp\/v2\/users\/1"}],"replies":[{"embeddable":true,"href":"https:\/\/www.obzorje.si\/de\/wp-json\/wp\/v2\/comments?post=1429"}],"version-history":[{"count":6,"href":"https:\/\/www.obzorje.si\/de\/wp-json\/wp\/v2\/posts\/1429\/revisions"}],"predecessor-version":[{"id":1760,"href":"https:\/\/www.obzorje.si\/de\/wp-json\/wp\/v2\/posts\/1429\/revisions\/1760"}],"wp:attachment":[{"href":"https:\/\/www.obzorje.si\/de\/wp-json\/wp\/v2\/media?parent=1429"}],"wp:term":[{"taxonomy":"category","embeddable":true,"href":"https:\/\/www.obzorje.si\/de\/wp-json\/wp\/v2\/categories?post=1429"},{"taxonomy":"post_tag","embeddable":true,"href":"https:\/\/www.obzorje.si\/de\/wp-json\/wp\/v2\/tags?post=1429"}],"curies":[{"name":"wp","href":"https:\/\/api.w.org\/{rel}","templated":true}]}}